{"id":97,"date":"2012-09-21T23:25:52","date_gmt":"2012-09-21T21:25:52","guid":{"rendered":"http:\/\/www.buholzer.info\/?p=97"},"modified":"2017-10-26T13:10:56","modified_gmt":"2017-10-26T11:10:56","slug":"wanderung-schibengutsch","status":"publish","type":"post","link":"https:\/\/buholzer.info\/cms\/2012\/09\/21\/wanderung-schibengutsch\/","title":{"rendered":"Wanderung Schrattenfluh-Schibeng\u00fctsch"},"content":{"rendered":"<p><a href=\"https:\/\/buholzer.info\/cms\/wp-content\/uploads\/2012\/09\/Schrattenflueh_Boeli.jpg\"><img loading=\"lazy\" decoding=\"async\" class=\"alignnone wp-image-107 size-thumbnail\" src=\"https:\/\/buholzer.info\/cms\/wp-content\/uploads\/2012\/09\/Schrattenflueh_Boeli-150x150.jpg\" alt=\"Schrattenflueh_Boeli\" width=\"150\" height=\"150\" \/><\/a>\u00a0 <a href=\"https:\/\/buholzer.info\/cms\/wp-content\/uploads\/2012\/09\/Schrattenflueh_Schibenguetsch.jpg\"><img loading=\"lazy\" decoding=\"async\" class=\"alignnone wp-image-106 size-thumbnail\" src=\"https:\/\/buholzer.info\/cms\/wp-content\/uploads\/2012\/09\/Schrattenflueh_Schibenguetsch-150x150.jpg\" alt=\"Schrattenflueh_Schibenguetsch\" width=\"150\" height=\"150\" \/><\/a>\u00a0 <a href=\"https:\/\/buholzer.info\/cms\/wp-content\/uploads\/2012\/09\/Schrattenflueh-Turstenhauptli1.jpg\"><img loading=\"lazy\" decoding=\"async\" class=\"alignnone wp-image-103 size-thumbnail\" src=\"https:\/\/buholzer.info\/cms\/wp-content\/uploads\/2012\/09\/Schrattenflueh-Turstenhauptli1-150x150.jpg\" alt=\"Schrattenflueh-Turstenhauptli\" width=\"150\" height=\"150\" \/><\/a><\/p>\n<p>Die Schrattenflue ist eine der wenigen Karstlandschaften der Schweiz und liegt im Unesco Biosph\u00e4rengebit. Mit seinen ausgedehnten Karrenfeldern, Spalten und bizarren Karstformationen l\u00e4dt sie geradezu zum Wandern ein.<\/p>\n<p>Unsere Tour f\u00e4hrte uns von Salwideli Parkplatz\u00a0&#8211;\u00a0Wagliseichnubel (1316m) &#8211; Strasse bis Alp Schlund (1477m) &#8211; Wanderweg bis Alp Chlus (1774m)\u00a0und dann \u00fcber einen kleinen Umweg Abzweigung rechts via T\u00fcrstenh\u00e4uptli auf den\u00a0Schiebeng\u00fctsch. Den Abstieg w\u00e4hlten wir dann auf der Normalroute. Die Alp Chlus liesen wir dann links liegen und stiegen um den B\u00f6li nach Wagliseichnubel\u00a0zu unserem Auto ab.<\/p>\n","protected":false},"excerpt":{"rendered":"<\/p>\n<p>Die Schrattenflue ist eine der wenigen Karstlandschaften der Schweiz und liegt im Unesco Biosph\u00e4rengebit. Mit seinen ausgedehnten Karrenfeldern, Spalten und bizarren Karstformationen l\u00e4dt sie geradezu zum Wandern ein.<\/p>\n<p>Unsere Tour f\u00e4hrte uns von Salwideli Parkplatz &#8211; Wagliseichnubel (1316m) &#8211; Strasse bis Alp Schlund (1477m) &#8211; Wanderweg bis Alp Chlus (1774m) und dann \u00fcber [&#8230;]<\/p>\n","protected":false},"author":1,"featured_media":0,"comment_status":"closed","ping_status":"closed","sticky":false,"template":"","format":"standard","meta":{"footnotes":""},"categories":[3,14],"tags":[],"class_list":["post-97","post","type-post","status-publish","format-standard","hentry","category-rocky","category-wandern","odd"],"_links":{"self":[{"href":"https:\/\/buholzer.info\/cms\/wp-json\/wp\/v2\/posts\/97","targetHints":{"allow":["GET"]}}],"collection":[{"href":"https:\/\/buholzer.info\/cms\/wp-json\/wp\/v2\/posts"}],"about":[{"href":"https:\/\/buholzer.info\/cms\/wp-json\/wp\/v2\/types\/post"}],"author":[{"embeddable":true,"href":"https:\/\/buholzer.info\/cms\/wp-json\/wp\/v2\/users\/1"}],"replies":[{"embeddable":true,"href":"https:\/\/buholzer.info\/cms\/wp-json\/wp\/v2\/comments?post=97"}],"version-history":[{"count":15,"href":"https:\/\/buholzer.info\/cms\/wp-json\/wp\/v2\/posts\/97\/revisions"}],"predecessor-version":[{"id":179,"href":"https:\/\/buholzer.info\/cms\/wp-json\/wp\/v2\/posts\/97\/revisions\/179"}],"wp:attachment":[{"href":"https:\/\/buholzer.info\/cms\/wp-json\/wp\/v2\/media?parent=97"}],"wp:term":[{"taxonomy":"category","embeddable":true,"href":"https:\/\/buholzer.info\/cms\/wp-json\/wp\/v2\/categories?post=97"},{"taxonomy":"post_tag","embeddable":true,"href":"https:\/\/buholzer.info\/cms\/wp-json\/wp\/v2\/tags?post=97"}],"curies":[{"name":"wp","href":"https:\/\/api.w.org\/{rel}","templated":true}]}}